{"id":20,"date":"2018-03-06T10:42:00","date_gmt":"2018-03-06T08:42:00","guid":{"rendered":"http:\/\/wp13410784.server-he.de\/?p=20"},"modified":"2020-12-21T11:37:24","modified_gmt":"2020-12-21T09:37:24","slug":"twilly-dhermes","status":"publish","type":"post","link":"http:\/\/ktinka.com\/?p=20","title":{"rendered":"Twilly d&#8217;Herm\u00e8s"},"content":{"rendered":"<div style=\"box-sizing: inherit; color: #333333; font-size: 18px; letter-spacing: 1px; line-height: 1.5; margin-bottom: 1.4em; margin-top: 21px; padding-left: 8px; padding-right: 10px;\">\n<div class=\"separator\" style=\"clear: both; text-align: center;\"><\/div>\n<p><span style=\"font-family: inherit;\"><br \/>\n<\/span><br \/>\n<span style=\"font-family: inherit;\">Werbung | PR Sample. Herm\u00e8s. Kaum ein Name weckt so viele Assoziationen wie der des franz\u00f6sischen Luxushauses, nicht wahr? Ich denke vor allem an Grace Kelly (ich liebe sie in Alfred Hitchcocks\u00a0<span style=\"box-sizing: inherit; font-style: italic;\">Das Fenster zum Hof<\/span>), Jane Birkin (<span style=\"box-sizing: inherit; font-style: italic;\">Je t\u2019aime \u2026 mon non plus<\/span>) und an s\u00fcndhaft sch\u00f6ne (und teure) Seidenschals. Und nat\u00fcrlich an D\u00fcfte. Es war ein klirrend kalter Tag im letzten Jahr, als mein Nachhauseweg mich an einer Parf\u00fcmerie vorbeif\u00fchrte, deren Schaufenster gerade mit der Neulancierung von Herm\u00e8s geschm\u00fcckt worden war:\u00a0<strong style=\"box-sizing: inherit;\">Twilly d\u2019Herm\u00e8s<\/strong>*.<\/span><\/p>\n<\/div>\n<div style=\"box-sizing: inherit; color: #333333; font-size: 18px; letter-spacing: 1px; line-height: 1.5; margin-bottom: 1.4em; margin-top: 21px; padding-left: 8px; padding-right: 10px;\"><span style=\"font-family: inherit;\"><span id=\"more-2438\" style=\"box-sizing: inherit;\"><\/span>Trotz des eisigen Windes, der mir um die Ohren wehte, blieb ich einen Moment vor dem Schaufenster stehen. Der Flakon von\u00a0<strong style=\"box-sizing: inherit;\">Twilly d\u2019Herm\u00e8s<\/strong>\u00a0mit dem schwarzen, bowlerf\u00f6rmigen Verschluss, um den ein kleines Seidenband \u2013 per Hand, wie ich sp\u00e4ter erfuhr \u2013 gebunden und zur Schleife drapiert war, gefiel mir auf Anhieb.\u00a0<strong style=\"box-sizing: inherit;\">Herm\u00e8s<\/strong>\u00a0lancierte das erste Parfum 1951 und seitdem hat das franz\u00f6sische Traditionshaus Duftliebhaber mit wunderbaren olfaktorischen Kreationen verw\u00f6hnt.\u00a0<strong style=\"box-sizing: inherit;\">Voyage d\u2019Herm\u00e8s<\/strong>, kreiert von Jean-Claude Ellena, ist so ein besonderer Duft. Er fasziniert mich seit Jahren und ich erkenne ihn (fast) immer, wenn jemand in meiner N\u00e4he in aufgespr\u00fcht hat.<\/span><\/div>\n<h2 style=\"box-sizing: inherit; clear: both; color: #333333; font-size: 35px; font-weight: 400; letter-spacing: 0px; line-height: 1; margin: 0px 0px 0.3em; padding-top: 2px;\"><span style=\"font-family: inherit;\">Die Twilly d\u2019Herm\u00e8s Box<\/span><\/h2>\n<div style=\"box-sizing: inherit; color: #333333; font-size: 18px; letter-spacing: 1px; line-height: 1.5; margin-bottom: 1.4em; margin-top: 21px; padding-left: 8px; padding-right: 10px;\"><span style=\"font-family: inherit;\">Zwischen\u00a0<strong style=\"box-sizing: inherit;\">Twilly d\u2019Herm\u00e8s<\/strong>\u00a0und mich schob sich der allj\u00e4hrliche Weihnachts- und Neujahrs Trubel und ich verga\u00df den neuen Duft aus dem Hause Herm\u00e8s. Bis, ja bis ich eine Nachricht in meinem Postfach fand, die mein Herz einen Tick schneller schlagen lies: Ich durfte mich, dank der lieben Ines, \u00fcber eine\u00a0<strong style=\"box-sizing: inherit;\">Twilly d\u2019Herm\u00e8s<\/strong>\u00a0Influencer Box freuen.<\/span><\/div>\n<div style=\"box-sizing: inherit; color: #333333; font-size: 18px; letter-spacing: 1px; line-height: 1.5; margin-bottom: 1.4em; margin-top: 21px; padding-left: 8px; padding-right: 10px;\"><span style=\"font-family: inherit;\">Als der Versandkarton, der die Box enthielt, in meinem Wohnzimmer stand, bin ich \u2013 Hand aufs Herz \u2013 eine Weile um ihn herumgeschlichen. Ich sage nur: Herm\u00e8s! Ines hatte mir bereits erkl\u00e4rt, dass die komplette Duftlinie\u00a0<strong style=\"box-sizing: inherit;\">Twilly d\u2019Herm\u00e8s<\/strong>\u00a0(drei verschiedene Flakon-Gr\u00f6\u00dfen) darin sein w\u00fcrde und au\u00dferdem 60 Seidenspaghetti. Ich gestehe, insgeheim w\u00fcnschte ich mir au\u00dferdem eine der ber\u00fchmten orangefarbenen Herm\u00e8sboxen.<\/span><\/div>\n<div style=\"box-sizing: inherit; color: #333333; font-size: 18px; letter-spacing: 1px; line-height: 1.5; margin-bottom: 1.4em; margin-top: 21px; padding-left: 8px; padding-right: 10px;\"><span style=\"font-family: inherit;\">Aus meiner Auspackzeremonie habe ich eine Mini-Mini-Instagram Story gemacht und (<span style=\"box-sizing: inherit; font-style: italic;\">puh!<\/span>) die Reaktionen zeigten: Nicht nur meine Augen werden zu Herzchen beim Anblick einer Herm\u00e8s Papiertasche mit brauner Stoffschleife, dem Firmenlogo und der ber\u00fchmten Pariser Adresse\u00a0<span style=\"box-sizing: inherit; font-style: italic;\">24, Faubourg Saint Honor\u00e9<\/span>.\u00a0Die besagte Story findet ihr noch immer in den Highlights (Other Stories) auf meinem IG-Account\u00a0<a style=\"box-sizing: inherit; color: #f5c7b8; font-weight: bold; text-decoration: none; transition: all 0.1s ease-in-out;\" href=\"http:\/\/www.instagram.com\/ktxnka\" target=\"_blank\" rel=\"nofollow noopener noreferrer\">@ktxnka.<\/a><\/span><\/div>\n<div style=\"box-sizing: inherit; color: #333333; font-size: 18px; letter-spacing: 1px; line-height: 1.5; margin-bottom: 1.4em; margin-top: 21px; padding-left: 8px; padding-right: 10px;\"><span style=\"font-family: inherit;\">Wer meine Bilder durchscrollt wird ebenfalls bemerken: Mein Wunsch ging in Erf\u00fcllung, die D\u00fcfte kamen in einer orangefarbenen Herm\u00e8sbox, die nun auf meiner Kommode im Schlafzimmer steht, die sonst nur Souvenirs vorbehalten ist.\u00a0<span style=\"box-sizing: inherit; font-style: italic;\">A girls heart \u2026\u00a0<\/span><\/span><\/div>\n<h2 style=\"box-sizing: inherit; clear: both; color: #333333; font-size: 35px; font-weight: 400; letter-spacing: 0px; line-height: 1; margin: 0px 0px 0.3em; padding-top: 2px;\"><span style=\"font-family: inherit;\">Twilly d\u2019Herm\u00e8s duftet nach \u2026<\/span><\/h2>\n<div style=\"box-sizing: inherit; color: #333333; font-size: 18px; letter-spacing: 1px; line-height: 1.5; margin-bottom: 1.4em; margin-top: 21px; padding-left: 8px; padding-right: 10px;\"><span style=\"font-family: inherit;\">Direkt nach dem Aufspr\u00fchen empfinde ich\u00a0<strong style=\"box-sizing: inherit;\">Twilly d\u2019Herm\u00e8s<\/strong>\u00a0als sehr frisch, aber auch ein wenig herb. Dann setzt sich sehr schnell die Tuberose durch und der Duft wird unheimlich blumig. Die Endnote setzt Sandelholz und der Duft bleibt auf meiner Haut lange lieblich, zart &amp; s\u00fcss. Definitiv ein wunderbarer Duft f\u00fcr den kommenden Fr\u00fchling.<\/span><\/div>\n<div style=\"box-sizing: inherit; color: #333333; font-size: 18px; letter-spacing: 1px; line-height: 1.5; margin-bottom: 1.4em; margin-top: 21px; padding-left: 8px; padding-right: 10px;\"><span style=\"font-family: inherit;\">Die deutsche Parfumeurin Christine Nagel ist die Nase hinter dem neuen Duft, der gleichzeitig eine Verbeugung an das Traditionshaus Herm\u00e8s ist: \u201eDie Inspiration zur Kreation von Twilly d\u2019Herm\u00e8s fand ich in der Lebensfreude junger Frauen. Sie sind frei, unerschrocken und gut vernetzt, frech und ehrfurchtslos schwimmen sie gegen den Strom, leben ihren eigenen Rhythmus und schaffen ein neues Tempo.\u201c<\/span><\/div>\n<h2 style=\"box-sizing: inherit; clear: both; color: #333333; font-size: 35px; font-weight: 400; letter-spacing: 0px; line-height: 1; margin: 0px 0px 0.3em; padding-top: 2px;\"><span style=\"font-family: inherit;\">Die Herm\u00e8s Seidenspaghetti<\/span><\/h2>\n<div style=\"box-sizing: inherit; color: #333333; font-size: 18px; letter-spacing: 1px; line-height: 1.5; margin-bottom: 1.4em; margin-top: 21px; padding-left: 8px; padding-right: 10px;\"><span style=\"font-family: inherit;\">Das franz\u00f6sische Luxushaus ist bekannt f\u00fcr seine Seident\u00fccher, die nur aus allerfeinster Maulbeerseide hergestellt werden. Die Seidenspaghetti\u00a0sind etwas wie die kleine Schwester der gro\u00dfen Carr\u00e9s und der Twillys. Kleine Schwester hin oder her: Die Qualit\u00e4t der Seide ist sagenhaft und ebenso die Verarbeitung. Wer die Geduld aufbringt all die Spaghetti so handwerklich perfekt zu vern\u00e4hen, Chapeau! Apropos Chapeau: Ein Seidenspaghetti ist \u2013 in Handarbeit \u2013 um jeden Parf\u00fcmverschluss von\u00a0<strong style=\"box-sizing: inherit;\">Twilly d\u2019Herm\u00e8s<\/strong>\u00a0gebunden und liebevoll zur Schleife geknotet, also nicht exklusiv in dieser Box enthalten.<\/span><\/div>\n<div style=\"box-sizing: inherit; color: #333333; font-size: 18px; letter-spacing: 1px; line-height: 1.5; margin-bottom: 1.4em; margin-top: 21px; padding-left: 8px; padding-right: 10px;\"><span style=\"font-family: inherit;\">Die\u00a0<strong style=\"box-sizing: inherit;\">Herm\u00e8s Box<\/strong>\u00a0enthielt au\u00dferdem Karten, \u00e4hnlich den Karten, die es zu den Herm\u00e8s T\u00fcchern gibt, mit Inspirationen um mit den Seidenspaghetti\u00a0kreativ zu werden, denn sie sollen keinesfalls am Verschluss des Flakons verbleiben m\u00fcssen: Sie sind schm\u00fcckend als Armband oder als Gl\u00fccksbringer am Schl\u00fcsselbund. Der Phantasie sind keine Grenzen gesetzt. Wie ihr auf dem Foto seht, habe ich drei Spaghetti zu einem sehr exklusiven Lesezeichnen geflochten. Gerade kommt mir die Idee, dass ich es zus\u00e4tzlich auch noch mit\u00a0<strong style=\"box-sizing: inherit;\">Twilly d\u2019Herm\u00e8s<\/strong>\u00a0parf\u00fcmieren k\u00f6nnte?!\u00a0Was ich weiterhin damit anstelle, werde ich auf Instagram mit euch teilen. Meinen Stream findet ihr unter\u00a0<a style=\"box-sizing: inherit; color: #f5c7b8; font-weight: bold; text-decoration: none; transition: all 0.1s ease-in-out;\" href=\"http:\/\/www.instagram.com\/ktxnka\" target=\"_blank\" rel=\"nofollow noopener noreferrer\">@ktxnka<\/a>.<\/span><\/div>\n<div style=\"box-sizing: inherit; color: #333333; font-size: 18px; letter-spacing: 1px; line-height: 1.5; margin-bottom: 1.4em; margin-top: 21px; padding-left: 8px; padding-right: 10px;\"><span style=\"font-family: inherit;\">* PR Sample<br style=\"box-sizing: inherit;\" \/>Dieser Artikel entstand in Kooperation mit\u00a0<a style=\"box-sizing: inherit; color: #f5c7b8; font-weight: bold; text-decoration: none; transition: all 0.1s ease-in-out;\" href=\"http:\/\/www.hermes.com\/\" target=\"_blank\" rel=\"nofollow noopener noreferrer\">Herm\u00e8s<\/a>.<\/span><\/div>\n","protected":false},"excerpt":{"rendered":"<p>Werbung | PR Sample. Herm\u00e8s. Kaum ein Name weckt so viele Assoziationen wie der des franz\u00f6sischen Luxushauses, nicht wahr? Ich denke vor allem an Grace Kelly (ich liebe sie in Alfred Hitchcocks\u00a0Das Fenster zum Hof), Jane Birkin (Je t\u2019aime \u2026 mon non plus) und an&hellip;<\/p>\n","protected":false},"author":1,"featured_media":0,"comment_status":"closed","ping_status":"closed","sticky":false,"template":"","format":"standard","meta":{"footnotes":""},"categories":[1],"tags":[6],"_links":{"self":[{"href":"http:\/\/ktinka.com\/index.php?rest_route=\/wp\/v2\/posts\/20"}],"collection":[{"href":"http:\/\/ktinka.com\/index.php?rest_route=\/wp\/v2\/posts"}],"about":[{"href":"http:\/\/ktinka.com\/index.php?rest_route=\/wp\/v2\/types\/post"}],"author":[{"embeddable":true,"href":"http:\/\/ktinka.com\/index.php?rest_route=\/wp\/v2\/users\/1"}],"replies":[{"embeddable":true,"href":"http:\/\/ktinka.com\/index.php?rest_route=%2Fwp%2Fv2%2Fcomments&post=20"}],"version-history":[{"count":2,"href":"http:\/\/ktinka.com\/index.php?rest_route=\/wp\/v2\/posts\/20\/revisions"}],"predecessor-version":[{"id":354,"href":"http:\/\/ktinka.com\/index.php?rest_route=\/wp\/v2\/posts\/20\/revisions\/354"}],"wp:attachment":[{"href":"http:\/\/ktinka.com\/index.php?rest_route=%2Fwp%2Fv2%2Fmedia&parent=20"}],"wp:term":[{"taxonomy":"category","embeddable":true,"href":"http:\/\/ktinka.com\/index.php?rest_route=%2Fwp%2Fv2%2Fcategories&post=20"},{"taxonomy":"post_tag","embeddable":true,"href":"http:\/\/ktinka.com\/index.php?rest_route=%2Fwp%2Fv2%2Ftags&post=20"}],"curies":[{"name":"wp","href":"https:\/\/api.w.org\/{rel}","templated":true}]}}