{"id":30,"date":"2017-11-12T11:05:00","date_gmt":"2017-11-12T09:05:00","guid":{"rendered":"http:\/\/wp13410784.server-he.de\/?p=30"},"modified":"2020-12-21T11:40:40","modified_gmt":"2020-12-21T09:40:40","slug":"tyll-von-daniel-kehlmann","status":"publish","type":"post","link":"http:\/\/ktinka.com\/?p=30","title":{"rendered":"Tyll von Daniel Kehlmann"},"content":{"rendered":"<div style=\"box-sizing: inherit; color: #333333; font-family: Cardo; font-size: 18px; letter-spacing: 1px; line-height: 1.5; margin-bottom: 1.4em; margin-top: 21px; padding-left: 8px; padding-right: 10px;\">\n<div class=\"separator\" style=\"clear: both; text-align: center;\"><\/div>\n<p><span class=\"dropcap\" style=\"box-sizing: inherit;\">I<\/span>n seinem Roman\u00a0<strong style=\"box-sizing: inherit;\">Tyll\u00a0<\/strong>versetzt\u00a0<strong style=\"box-sizing: inherit;\">Daniel Kehlmann<\/strong>\u00a0die Figur des ber\u00fchmten und legend\u00e4ren Narren und Spa\u00dfmachers\u00a0<strong style=\"box-sizing: inherit;\">Tyll Ulenspiegel \u2013\u00a0<\/strong>besser bekannt als Till Eulenspiegel \u2013\u00a0in das fr\u00fche 17. Jahrhundert; mitten hinein also in die Fr\u00fche Neuzeit und die gr\u00e4sslichen Wirren des\u00a0<strong style=\"box-sizing: inherit;\">Drei\u00dfigj\u00e4hrigen Krieges<\/strong>.<\/p>\n<\/div>\n<h2 style=\"box-sizing: inherit; clear: both; color: #333333; font-family: 'Playfair Display'; font-size: 35px; font-weight: 400; letter-spacing: 0px; line-height: 1; margin: 0px 0px 0.3em; padding-top: 2px;\">Kehlmanns \u00bbTyll\u00ab \u2013 Spa\u00dfmacher oder Soziopath?<\/h2>\n<div class=\"pull-right\" style=\"box-sizing: inherit; color: #333333; float: right; font-family: Cardo; font-size: 18px; letter-spacing: 1px; line-height: 1.5; margin-bottom: 1.4em; margin-top: 21px; padding-left: 8px; padding-right: 10px;\">Da stand er und lachte. Den Leib zur\u00fcck gebogen, den Mund weit aufgerissen, mit zuckenden Schultern. Nur seine F\u00fc\u00dfe standen ruhig, und seine H\u00fcften schwangen mit dem Schaukeln des Seils.<\/div>\n<div style=\"box-sizing: inherit; color: #333333; font-family: Cardo; font-size: 18px; letter-spacing: 1px; line-height: 1.5; margin-bottom: 1.4em; margin-top: 21px; padding-left: 8px; padding-right: 10px;\">Bereits das erste Kapitel von\u00a0<strong style=\"box-sizing: inherit;\">Tyll<\/strong>\u00a0hat mich in seinen Bann gezogen. Die ersten S\u00e4tze\u00a0wirken beschw\u00f6rend, fast hypnotisch: \u00bb<span style=\"box-sizing: inherit; font-style: italic;\">Wir lebten in Furcht und Hoffnung und versuchten, Gottes Zorn nicht auf unsere fest von Mauern umschlossene Stadt zu ziehen<\/span>\u2026\u00ab Der Gaukler Tyll Ulenspiegel\u00a0kommt eines Tages in eben jene eine kleine Stadt, die bisher vom Krieg verschont geblieben ist. Stundenlang unterh\u00e4lt der Vagant die Bewohner, schlie\u00dflich tanzt er auf dem Seil und fordert seine Zuschauer auf: \u00bbZieht den rechten Schuh aus! Werft ihn!\u00ab Die St\u00e4dter z\u00f6gern, befolgen die Anweisung des Vaganten jedoch schlie\u00dflich. \u00bbIhr Narren. Ihr Staubk\u00f6pfe. Ihr Fr\u00f6sche. Ihr Nichtsnutze, ihr Maulw\u00fcrfe, ihr bl\u00f6den Ratten.\u00ab, ruft Spa\u00dfmacher. \u00bbUnd jetzt holt ihn wieder!\u00ab Was folgt, ist ein furchtbares Durcheinander, das mitunter in gewaltt\u00e4tigen Auseinandersetzungen gipfelt und nicht f\u00fcr alle Stadtbewohner glimpflich endet.<\/div>\n<div style=\"box-sizing: inherit; color: #333333; font-family: Cardo; font-size: 18px; letter-spacing: 1px; line-height: 1.5; margin-bottom: 1.4em; margin-top: 21px; padding-left: 8px; padding-right: 10px;\">Tyll Ulenspiegel schaut sich das brutale Spektakel von hoch oben, von seinem Seil aus, an. Und lacht aus vollem Leib. Dann verschwindet er aus dem Dorf, unbemerkt und unbehelligt von der noch immer tobenden, pr\u00fcgelnden Menge. Wer ist dieser Tyll Ulenspiegel? Ein Spa\u00dfmacher? Oder ein Aufwiegler?<\/div>\n<h2 style=\"box-sizing: inherit; clear: both; color: #333333; font-family: 'Playfair Display'; font-size: 35px; font-weight: 400; letter-spacing: 0px; line-height: 1; margin: 0px 0px 0.3em; padding-top: 2px;\">Im Kleinen, wie im Gro\u00dfen: Der Drei\u00dfigj\u00e4hrige Krieg<\/h2>\n<div style=\"box-sizing: inherit; color: #333333; font-family: Cardo; font-size: 18px; letter-spacing: 1px; line-height: 1.5; margin-bottom: 1.4em; margin-top: 21px; padding-left: 8px; padding-right: 10px;\">Zur gleichen Zeit tobt im Heiligen R\u00f6mischen Reich Deutscher Nation ein furchtbarer Krieg, der uns noch heute das F\u00fcrchten lehren kann. Der\u00a0<strong style=\"box-sizing: inherit;\">Drei\u00dfigj\u00e4hrige Krieg<\/strong>\u00a0geh\u00f6rt zu den verheerendsten Konflikten, die auf deutschem Boden ausgefochten wurden. Millionen Menschen verloren ihr\u00a0Leben.<\/div>\n<div style=\"box-sizing: inherit; color: #333333; font-family: Cardo; font-size: 18px; letter-spacing: 1px; line-height: 1.5; margin-bottom: 1.4em; margin-top: 21px; padding-left: 8px; padding-right: 10px;\">Alles begann\u00a0im Jahr 1618 mit dem\u00a0<strong style=\"box-sizing: inherit;\">Prager Fenstersturz<\/strong>,\u00a0der eine Spirale der Gewalt ausl\u00f6ste: Am 23. Mai 1618 drangen Vertreter vorwiegend protestantischen St\u00e4nde in die Hofkanzlei der Prager Burg ein und warfen drei kaiserliche Statthalter (katholischer Konfession) aus dem Fenster. Der Sturz endete glimpflich, entfachte jedoch einen Krieg, der zu einer gro\u00dfen Katastrophe werden sollte. Immer mehr M\u00e4chte begannen mitzumischen und Macht, Einfluss und territoriale Anspr\u00fcche \u00fcberwogen religi\u00f6se Interessen schon bald.<\/div>\n<div style=\"box-sizing: inherit; color: #333333; font-family: Cardo; font-size: 18px; letter-spacing: 1px; line-height: 1.5; margin-bottom: 1.4em; margin-top: 21px; padding-left: 8px; padding-right: 10px;\">Schnell breitete der Krieg sich aus, weitere europ\u00e4ische L\u00e4nder begannen einzugreifen und ihre Interessen zu verteidigen. S\u00f6ldnertruppen zogen marodierend von Dorf zu Dorf und kaum ein Landstrich blieb vom Krieg verschont. Auf Phasen der Ruhe folgten immer neue Brandherde und Auseinandersetzungen. Erst am 24. Oktober 1648 fand der Krieg mit dem sogenannten\u00a0<strong style=\"box-sizing: inherit;\">Westf\u00e4lischen Frieden<\/strong>\u00a0ein Ende. Es sollte fast weitere 100 Jahre dauern, bis die Folgen des\u00a0<strong style=\"box-sizing: inherit;\">Drei\u00dfigj\u00e4hrigen Krieges<\/strong>\u00a0\u00fcberwunden waren.<\/div>\n<h2 style=\"box-sizing: inherit; clear: both; color: #333333; font-family: 'Playfair Display'; font-size: 35px; font-weight: 400; letter-spacing: 0px; line-height: 1; margin: 0px 0px 0.3em; padding-top: 2px;\">\u00bbDer Narr geht durch die Welt ohne Zukunfts\u00e4ngste\u00ab,<\/h2>\n<div style=\"box-sizing: inherit; color: #333333; font-family: Cardo; font-size: 18px; letter-spacing: 1px; line-height: 1.5; margin-bottom: 1.4em; margin-top: 21px; padding-left: 8px; padding-right: 10px;\">erkl\u00e4rte Daniel Kehlmann seine Hauptfigur Tyll in einem sehr lesenswerten\u00a0<a style=\"box-sizing: inherit; color: #f5c7b8; font-weight: bold; text-decoration: none; transition: all 0.1s ease-in-out;\" href=\"https:\/\/goo.gl\/tWfjzr\" target=\"_blank\" rel=\"nofollow noopener noreferrer\">Gespr\u00e4ch mit der Zeit<\/a>. Seit jeher bedeutet Krieg f\u00fcr die Menschen das Gleiche: Stetige Bedrohung und uns\u00e4gliches Elend. Kehlmann nimmt den Leser mit auf eine Reise durch ein Deutschland, das vom Krieg zerm\u00fcrbt ist. Ein Deutschland, dass uns \u2013 obwohl keine 500 Jahre uns von ihm trennen \u2013 fremd ist. Wie Tyll, der hoch oben auf dem Seil auf die sich pr\u00fcgelnden Dorfbewohner blickt, schauen wir als Leser auf eine l\u00e4ngst vergangene Zeit. Doch w\u00e4hrend Tyll aus vollem Leib lacht, bleibt uns das Lachen im Halse stecken.<\/div>\n<div class=\"pull-left\" style=\"box-sizing: inherit; color: #333333; float: left; font-family: Cardo; font-size: 18px; letter-spacing: 1px; line-height: 1.5; margin-bottom: 1.4em; margin-top: 21px; padding-left: 8px; padding-right: 10px;\">Da erschien Tyll Ulenspiegel dr\u00fcben im Kirchturmfenster. Er winkte, sprang aufs Fensterbrett, trat aufs Seil. Er tat das, als w\u00e4re es nichts. Er tat es, als w\u00e4re es nur ein Schritt wie jeder. (\u2026) Er schwankte nicht und suchte nicht nach Gleichgewicht, er ging einfach.<\/div>\n<div style=\"box-sizing: inherit; color: #333333; font-family: Cardo; font-size: 18px; letter-spacing: 1px; line-height: 1.5; margin-bottom: 1.4em; margin-top: 21px; padding-left: 8px; padding-right: 10px;\">Manche Stellen in\u00a0<strong style=\"box-sizing: inherit;\">Tyll<\/strong>\u00a0sind grausam, fast verst\u00f6rend, jedoch niemals um Sensation heischend. Tylls Kindheit, die wohl stellvertretend f\u00fcr die Kindheit der meisten Menschen in jener Zeit stehen kann, ist ersch\u00fctternd und die Erziehungsmethoden, wenn man sie denn so nennen mag, streng. Die Sitten sind unbarmherzig und hart und das Leben ist \u2013 auch abseits des Kriegs\u00a0\u2013 stets gef\u00e4hrdet.<\/div>\n<div style=\"box-sizing: inherit; color: #333333; font-family: Cardo; font-size: 18px; letter-spacing: 1px; line-height: 1.5; margin-bottom: 1.4em; margin-top: 21px; padding-left: 8px; padding-right: 10px;\">In Schl\u00fcsselszenen arbeitet Kehlmann mit einer starken Farbsymbolik, die mich beeindruckt und fasziniert hat. So manches Bild geht mir gerade wegen der erz\u00e4hlten Farben nicht mehr aus dem Kopf. So gerne ich w\u00fcrde, ich gehe nicht ins Detail, es soll nicht zu viel verraten werden. Zum Inhalt deshalb nur noch so viel:\u00a0<strong style=\"box-sizing: inherit;\">Tyll<\/strong>\u00a0ist keine historische Biografie, vielmehr ist die Figur des Tyll ein Faden, der die ansonsten losen acht Kapitel des Romans miteinander verwebt. Ein Historienepos ist das Roman jedoch auch nicht. Er l\u00e4sst sich leicht und ohne Anstrengung lesen, wirkt aber dennoch nach.<\/div>\n<div style=\"box-sizing: inherit; color: #333333; font-family: Cardo; font-size: 18px; letter-spacing: 1px; line-height: 1.5; margin-bottom: 1.4em; margin-top: 21px; padding-left: 8px; padding-right: 10px;\">Ebenfalls beeindruckt hat mich die Erz\u00e4hlstimme des Romans, die Worte sind so perfekt ausbalanciert wie Tyll es hoch oben auf seinem Seil ist. Selbst die gr\u00e4sslichsten Szenen sind ruhig und gleichzeitig gewandt erz\u00e4hlt. Nur einmal kommt die sch\u00f6ne, leichte Erz\u00e4hlmelodie ins Schwanken, denn die Worte \u201emodisches Accessoire\u201c empfand ich als Stolperstein.<\/div>\n<h2 style=\"box-sizing: inherit; clear: both; color: #333333; font-family: 'Playfair Display'; font-size: 35px; font-weight: 400; letter-spacing: 0px; line-height: 1; margin: 0px 0px 0.3em; padding-top: 2px;\">Begeistert hat mich auch: die Typografie<\/h2>\n<div style=\"box-sizing: inherit; color: #333333; font-family: Cardo; font-size: 18px; letter-spacing: 1px; line-height: 1.5; margin-bottom: 1.4em; margin-top: 21px; padding-left: 8px; padding-right: 10px;\"><strong style=\"box-sizing: inherit;\">Tyll<\/strong>\u00a0ist von seinem Autor nicht nur mit Liebe und Kunstfertigkeit geschrieben, sondern vom Verlag auch mit ebenso viel Herzblut gedruckt und verlegt. Ich habe einen Faible f\u00fcr Typografie und die des Romans f\u00e4llt sofort ins Auge, die Seiten sehen fantastisch aus. Die Haptik kommt jedoch auch nicht zu kurz: Das Papier f\u00fchlt sich hochwertig(er als das vieler anderer B\u00fccher) an.<\/div>\n<h2 style=\"box-sizing: inherit; clear: both; color: #333333; font-family: 'Playfair Display'; font-size: 35px; font-weight: 400; letter-spacing: 0px; line-height: 1; margin: 0px 0px 0.3em; padding-top: 2px;\">Der Schriftsteller Daniel Kehlmann<\/h2>\n<div style=\"box-sizing: inherit; color: #333333; font-family: Cardo; font-size: 18px; letter-spacing: 1px; line-height: 1.5; margin-bottom: 1.4em; margin-top: 21px; padding-left: 8px; padding-right: 10px;\">Daniel Kehlmann wurde 1975 in M\u00fcnchen geboren. Er studierte Philosophie und Germanistik. Sein Deb\u00fctroman\u00a0<strong style=\"box-sizing: inherit;\">Beerholms Vorstellung<\/strong>\u00a0erschien 1997. Kehlmann gelang der literarische Durchbruch mit dem Roman\u00a0<strong style=\"box-sizing: inherit;\">Ich und Kaminski<\/strong>, der 2003 erschien und 14 Sprachen \u00fcbersetzt wurde. International erfolgreich war der Beststeller-Roman\u00a0<strong style=\"box-sizing: inherit;\">Die Vermessung der Welt<\/strong>, welcher bereits in 30 Sprachen \u00fcbersetzt wurde.<\/div>\n<div style=\"box-sizing: inherit; color: #333333; font-family: Cardo; font-size: 18px; letter-spacing: 1px; line-height: 1.5; margin-bottom: 1.4em; margin-top: 21px; padding-left: 8px; padding-right: 10px;\"><strong style=\"box-sizing: inherit;\">TYLL<\/strong>\u00a0von\u00a0<strong style=\"box-sizing: inherit;\">DANIEL KEHLMANN<\/strong><br \/>\nRowohlt Verlag. 480 Seiten. 22,95 Euro.<br \/>\nGebunden mit Schutzumschlag.<\/div>\n<div style=\"box-sizing: inherit; color: #333333; font-family: Cardo; font-size: 18px; letter-spacing: 1px; line-height: 1.5; margin-bottom: 1.4em; margin-top: 21px; padding-left: 8px; padding-right: 10px; text-align: center;\">Vielen Dank an den\u00a0<strong style=\"box-sizing: inherit;\">Rowohlt Verlag<\/strong>\u00a0f\u00fcr das Rezensionsexemplar!<\/div>\n","protected":false},"excerpt":{"rendered":"<p>In seinem Roman\u00a0Tyll\u00a0versetzt\u00a0Daniel Kehlmann\u00a0die Figur des ber\u00fchmten und legend\u00e4ren Narren und Spa\u00dfmachers\u00a0Tyll Ulenspiegel \u2013\u00a0besser bekannt als Till Eulenspiegel \u2013\u00a0in das fr\u00fche 17. Jahrhundert; mitten hinein also in die Fr\u00fche Neuzeit und die gr\u00e4sslichen Wirren des\u00a0Drei\u00dfigj\u00e4hrigen Krieges. Kehlmanns \u00bbTyll\u00ab \u2013 Spa\u00dfmacher oder Soziopath? Da stand er&hellip;<\/p>\n","protected":false},"author":1,"featured_media":345,"comment_status":"closed","ping_status":"closed","sticky":false,"template":"","format":"standard","meta":{"footnotes":""},"categories":[1],"tags":[2],"_links":{"self":[{"href":"http:\/\/ktinka.com\/index.php?rest_route=\/wp\/v2\/posts\/30"}],"collection":[{"href":"http:\/\/ktinka.com\/index.php?rest_route=\/wp\/v2\/posts"}],"about":[{"href":"http:\/\/ktinka.com\/index.php?rest_route=\/wp\/v2\/types\/post"}],"author":[{"embeddable":true,"href":"http:\/\/ktinka.com\/index.php?rest_route=\/wp\/v2\/users\/1"}],"replies":[{"embeddable":true,"href":"http:\/\/ktinka.com\/index.php?rest_route=%2Fwp%2Fv2%2Fcomments&post=30"}],"version-history":[{"count":2,"href":"http:\/\/ktinka.com\/index.php?rest_route=\/wp\/v2\/posts\/30\/revisions"}],"predecessor-version":[{"id":346,"href":"http:\/\/ktinka.com\/index.php?rest_route=\/wp\/v2\/posts\/30\/revisions\/346"}],"wp:featuredmedia":[{"embeddable":true,"href":"http:\/\/ktinka.com\/index.php?rest_route=\/wp\/v2\/media\/345"}],"wp:attachment":[{"href":"http:\/\/ktinka.com\/index.php?rest_route=%2Fwp%2Fv2%2Fmedia&parent=30"}],"wp:term":[{"taxonomy":"category","embeddable":true,"href":"http:\/\/ktinka.com\/index.php?rest_route=%2Fwp%2Fv2%2Fcategories&post=30"},{"taxonomy":"post_tag","embeddable":true,"href":"http:\/\/ktinka.com\/index.php?rest_route=%2Fwp%2Fv2%2Ftags&post=30"}],"curies":[{"name":"wp","href":"https:\/\/api.w.org\/{rel}","templated":true}]}}